{"id":13152,"date":"2026-01-09T15:51:16","date_gmt":"2026-01-09T14:51:16","guid":{"rendered":"https:\/\/maxeville.fr\/?p=13152"},"modified":"2026-01-09T15:51:16","modified_gmt":"2026-01-09T14:51:16","slug":"dossier-information-mairie-3","status":"publish","type":"post","link":"https:\/\/maxeville.fr\/index.php\/dossier-information-mairie-3\/","title":{"rendered":"DOSSIERS INFORMATION MAIRIE"},"content":{"rendered":"\n<p>Ces dossiers sont mis \u00e0 disposition des habitants pour consultation sur place \u00e0 l\u2019H\u00f4tel de Ville.<br>Nous vous remercions d&#8217;appeler le standard afin de prendre rendez-vous pour venir consulter ces documents.<\/p>\n\n\n\n<p>&gt; Dossier d&#8217;information Mairie concernant <a href=\"https:\/\/maxeville.fr\/wp-content\/uploads\/2026\/01\/DIM-nouvelle-installation-radioelectrique-sur-pilier-dechetterie-des-carrieres-31-12-2025.pdf\" data-type=\"URL\" data-id=\"https:\/\/maxeville.fr\/wp-content\/uploads\/2026\/01\/DIM-nouvelle-installation-radioelectrique-sur-pilier-dechetterie-des-carrieres-31-12-2025.pdf\" target=\"_blank\" rel=\"noreferrer noopener\">pour l\u2019implantation d\u2019une nouvelle antenne radio\u00e9lectrique sur le pilier situ\u00e9 \u00e0 la d\u00e9chetterie des Carri\u00e8res (pr\u00e8s du Z\u00e9nith)<\/a><\/p>\n\n\n\n<hr class=\"wp-block-separator has-alpha-channel-opacity\"\/>\n\n\n\n<p>&gt; Dossier d&#8217;information Mairie concernant <a href=\"https:\/\/maxeville.fr\/wp-content\/uploads\/2025\/06\/DIM-nouvelle-antenne-2-rue-Jean-Jaures.pdf\" data-type=\"URL\" data-id=\"https:\/\/maxeville.fr\/wp-content\/uploads\/2025\/06\/DIM-nouvelle-antenne-2-rue-Jean-Jaures.pdf\" target=\"_blank\" rel=\"noreferrer noopener\">l\u2019implantation d\u2019une nouvelle antenne-relais sur la parcelle cadastrale AH 514<\/a><\/p>\n\n\n\n<hr class=\"wp-block-separator has-alpha-channel-opacity\"\/>\n\n\n\n<p>&gt;Dossier d&#8217;Information Mairie concernant le <a href=\"https:\/\/maxeville.fr\/wp-content\/uploads\/2023\/11\/DIM-07-11-2023-Orange-Dechetterie-Les-Carrieres.pdf\" data-type=\"URL\" data-id=\"https:\/\/maxeville.fr\/wp-content\/uploads\/2023\/11\/DIM-07-11-2023-Orange-Dechetterie-Les-Carrieres.pdf\" target=\"_blank\" rel=\"noreferrer noopener\">r\u00e9am\u00e9nagement d&#8217;une antenne situ\u00e9e  \u00e0 la d\u00e9chetterie des Carri\u00e8res.<\/a><\/p>\n\n\n\n<hr class=\"wp-block-separator has-alpha-channel-opacity\"\/>\n\n\n\n<p>&gt;Dossier d&#8217;Information Mairie concernant la <a href=\"https:\/\/maxeville.fr\/wp-content\/uploads\/2023\/10\/28-09-2023-DIM-Free-Av-du-General-de-Gaulle.pdf\" data-type=\"URL\" data-id=\"https:\/\/maxeville.fr\/wp-content\/uploads\/2023\/10\/28-09-2023-DIM-Free-Av-du-General-de-Gaulle.pdf\" target=\"_blank\" rel=\"noreferrer noopener\">modification d&#8217;une antenne d\u00e9j\u00e0 existante situ\u00e9e au <strong>4 avenue du G\u00e9n\u00e9ral de Gaulle<\/strong><\/a> (magasin AUBADE).<\/p>\n\n\n\n<hr class=\"wp-block-separator has-alpha-channel-opacity\"\/>\n\n\n\n<p>&gt; Dossier d&#8217;Information Mairie concernant l&#8217;<strong><a rel=\"noreferrer noopener\" href=\"https:\/\/maxeville.fr\/wp-content\/uploads\/2023\/08\/DIM-143-bis-rue-Gambetta.pdf\" data-type=\"URL\" data-id=\"https:\/\/maxeville.fr\/wp-content\/uploads\/2023\/08\/DIM-143-bis-rue-Gambetta.pdf\" target=\"_blank\">installation d&#8217;une nouvelle antenne sur toiture d&#8217;un b\u00e2timent au 143 bis rue Gambetta.<\/a><\/strong><\/p>\n\n\n\n<hr class=\"wp-block-separator has-alpha-channel-opacity\"\/>\n\n\n\n<p>&gt; Dossier d&#8217;Information Mairie concernant l&#8217;<strong><a rel=\"noreferrer noopener\" href=\"https:\/\/maxeville.fr\/wp-content\/uploads\/2023\/08\/DIM-11-rue-du-Gue.pdf\" data-type=\"URL\" data-id=\"https:\/\/maxeville.fr\/wp-content\/uploads\/2023\/08\/DIM-11-rue-du-Gue.pdf\" target=\"_blank\">installation d&#8217;une nouvelle antenne au 11 rue du Gu\u00e9.<\/a><\/strong><\/p>\n\n\n\n<hr class=\"wp-block-separator has-alpha-channel-opacity\"\/>\n\n\n\n<p>&gt; Dossier d&#8217;Information Mairie concernant l&#8217;<strong><a rel=\"noreferrer noopener\" href=\"https:\/\/maxeville.fr\/wp-content\/uploads\/2023\/01\/DIM-TowerCast-Nancy-Maxeville-8-rue-des-Aulnes-12-01-2023.pdf\" target=\"_blank\">installation d&#8217;une antenne au 8 rue des Aulnes.<\/a><\/strong><\/p>\n\n\n\n<hr class=\"wp-block-separator has-css-opacity\"\/>\n\n\n\n<p>&gt;Dossier d&#8217;Information Mairie, concernant la <a rel=\"noreferrer noopener\" href=\"https:\/\/maxeville.fr\/wp-content\/uploads\/2022\/11\/DIM-Eglise-03-11-2022.pdf\" data-type=\"URL\" data-id=\"https:\/\/maxeville.fr\/wp-content\/uploads\/2022\/11\/DIM-Eglise-03-11-2022.pdf\" target=\"_blank\">modification de l&#8217;antenne existante situ\u00e9e \u00e0 l&#8217;Eglise au <strong>3 rue du 15 Septembre 1944.<\/strong><\/a><\/p>\n\n\n\n<hr class=\"wp-block-separator has-css-opacity\"\/>\n\n\n\n<p>&gt;Dossier d&#8217;Information Mairie, concernant la <a href=\"https:\/\/maxeville.fr\/wp-content\/uploads\/2021\/11\/Dossier-dInformation-Mairie-Lieudit-le-Terril.pdf\" data-type=\"URL\" data-id=\"https:\/\/maxeville.fr\/wp-content\/uploads\/2021\/11\/Dossier-dInformation-Mairie-Lieudit-le-Terril.pdf\" target=\"_blank\" rel=\"noreferrer noopener\">modification d\u2019une antenne d\u00e9j\u00e0 existante situ\u00e9e Le Terril.<\/a><\/p>\n\n\n\n<hr class=\"wp-block-separator has-css-opacity\"\/>\n\n\n\n<p>&gt;Dossiers d&#8217;Information Mairie concernant la modification d&#8217;une antenne d\u00e9j\u00e0 existante situ\u00e9e : <br><a href=\"https:\/\/maxeville.fr\/wp-content\/uploads\/2021\/09\/DIM-antenne-eglise.pdf\">&#8211; rue du 15 septembre 1944, sur l&#8217;\u00e9glise<\/a><br><a href=\"https:\/\/maxeville.fr\/wp-content\/uploads\/2021\/09\/Dossier-Information-Mairie-rue-du-Rabodeaupdf.pdf\">&#8211; rue du Rabodeau<\/a><br><a href=\"https:\/\/maxeville.fr\/wp-content\/uploads\/2021\/09\/DIM-rue-de-la-Blette-rue-du-Terroin.pdf\">&#8211; 15 rue de la Blette et 3 rue du Terroin<\/a><br><a href=\"https:\/\/maxeville.fr\/wp-content\/uploads\/2021\/08\/DIM-Rue-des-Haut-des-Vignes-2021.pdf\">&#8211; rue des Haut des Vignes<\/a><br><a href=\"https:\/\/maxeville.fr\/wp-content\/uploads\/2021\/08\/DIM-Avenue-General-de-Gaulle-D400-ZAC-Saint-Jacques-II.pdf\">&#8211; avenue du g\u00e9n\u00e9ral de Gaulle D400 ZAC St Jacques II<\/a><br><a href=\"https:\/\/maxeville.fr\/wp-content\/uploads\/2021\/08\/DIM-Les-Carrieres-dechetterie-2021.pdf\">&#8211; les Carri\u00e8res &#8211; D\u00e9chetterie<\/a><\/p>\n\n\n\n<hr class=\"wp-block-separator has-css-opacity\"\/>\n\n\n\n<p>&gt;Dossier d&#8217;Information Mairie, concernant la <a href=\"https:\/\/maxeville.fr\/wp-content\/uploads\/2021\/06\/Dossier-dInformation-Mairie.pdf\" data-type=\"URL\" data-id=\"https:\/\/maxeville.fr\/wp-content\/uploads\/2021\/06\/Dossier-dInformation-Mairie.pdf\" target=\"_blank\" rel=\"noreferrer noopener\">modification d\u2019une antenne d\u00e9j\u00e0 existante situ\u00e9e chemin des Cotes Chevaliers, au lieu dit La Cote de Pr\u00eatre.<\/a><\/p>\n\n\n\n<hr class=\"wp-block-separator has-css-opacity\"\/>\n\n\n\n<p>&gt;Dossier d&#8217;Information Mairie, concernant la <a href=\"https:\/\/maxeville.fr\/wp-content\/uploads\/2021\/02\/Dossier-antenne.pdf\" data-type=\"URL\" data-id=\"https:\/\/maxeville.fr\/wp-content\/uploads\/2021\/02\/Dossier-antenne.pdf\" target=\"_blank\" rel=\"noreferrer noopener\">modification d\u2019une antenne d\u00e9j\u00e0 existante situ\u00e9e chemin chemin du Haut du Lesse.<\/a><\/p>\n<div style=\"padding-bottom:20px; padding-top:10px;\" class=\"hupso-share-buttons\"><!-- Hupso Share Buttons - https:\/\/www.hupso.com\/share\/ --><a class=\"hupso_toolbar\" href=\"https:\/\/www.hupso.com\/share\/\"><img src=\"https:\/\/static.hupso.com\/share\/buttons\/lang\/fr\/share-medium.png\" style=\"border:0px; padding-top: 5px; float:left;\" alt=\"Share Button\"\/><\/a><script type=\"text\/javascript\">var hupso_services_t=new Array();var hupso_background_t=\"#EAF4FF\";var hupso_border_t=\"#66CCFF\";var hupso_toolbar_size_t=\"medium\";var hupso_image_folder_url = \"\";var hupso_url_t=\"\";var hupso_title_t=\"DOSSIERS%20INFORMATION%20MAIRIE\";<\/script><script type=\"text\/javascript\" src=\"https:\/\/static.hupso.com\/share\/js\/share_toolbar.js\"><\/script><!-- Hupso Share Buttons --><\/div>","protected":false},"excerpt":{"rendered":"<p>Ces dossiers sont mis \u00e0 disposition des habitants pour consultation sur place \u00e0 l\u2019H\u00f4tel de Ville.Nous vous remercions d&#8217;appeler le standard afin de prendre rendez-vous pour venir consulter&#8230;<\/p>\n","protected":false},"author":1,"featured_media":12762,"comment_status":"closed","ping_status":"closed","sticky":false,"template":"","format":"standard","meta":[],"categories":[11,14],"tags":[],"_links":{"self":[{"href":"https:\/\/maxeville.fr\/index.php\/wp-json\/wp\/v2\/posts\/13152"}],"collection":[{"href":"https:\/\/maxeville.fr\/index.php\/wp-json\/wp\/v2\/posts"}],"about":[{"href":"https:\/\/maxeville.fr\/index.php\/wp-json\/wp\/v2\/types\/post"}],"author":[{"embeddable":true,"href":"https:\/\/maxeville.fr\/index.php\/wp-json\/wp\/v2\/users\/1"}],"replies":[{"embeddable":true,"href":"https:\/\/maxeville.fr\/index.php\/wp-json\/wp\/v2\/comments?post=13152"}],"version-history":[{"count":14,"href":"https:\/\/maxeville.fr\/index.php\/wp-json\/wp\/v2\/posts\/13152\/revisions"}],"predecessor-version":[{"id":18942,"href":"https:\/\/maxeville.fr\/index.php\/wp-json\/wp\/v2\/posts\/13152\/revisions\/18942"}],"wp:featuredmedia":[{"embeddable":true,"href":"https:\/\/maxeville.fr\/index.php\/wp-json\/wp\/v2\/media\/12762"}],"wp:attachment":[{"href":"https:\/\/maxeville.fr\/index.php\/wp-json\/wp\/v2\/media?parent=13152"}],"wp:term":[{"taxonomy":"category","embeddable":true,"href":"https:\/\/maxeville.fr\/index.php\/wp-json\/wp\/v2\/categories?post=13152"},{"taxonomy":"post_tag","embeddable":true,"href":"https:\/\/maxeville.fr\/index.php\/wp-json\/wp\/v2\/tags?post=13152"}],"curies":[{"name":"wp","href":"https:\/\/api.w.org\/{rel}","templated":true}]}}