{"id":15678,"date":"2025-03-19T08:59:29","date_gmt":"2025-03-19T07:59:29","guid":{"rendered":"https:\/\/maxeville.fr\/?p=15678"},"modified":"2025-05-09T13:42:12","modified_gmt":"2025-05-09T11:42:12","slug":"ecrans-acoustiques-secteur-rue-de-la-justice","status":"publish","type":"post","link":"https:\/\/maxeville.fr\/index.php\/ecrans-acoustiques-secteur-rue-de-la-justice\/","title":{"rendered":"\u00c9crans acoustiques &#8211; secteur rue de la Justice"},"content":{"rendered":"\n<p><strong><a href=\"https:\/\/maxeville.fr\/wp-content\/uploads\/2025\/03\/2025_03_14_Reunion_Information_PP_MaxevilleVF.pdf\" data-type=\"URL\" data-id=\"https:\/\/maxeville.fr\/wp-content\/uploads\/2025\/03\/2025_03_14_Reunion_Information_PP_MaxevilleVF.pdf\" target=\"_blank\" rel=\"noreferrer noopener\">&gt;  support explicatif n\u00b02 du projet<\/a><\/strong> pr\u00e9sent\u00e9 \u00e0 la r\u00e9union d&#8217;information en mars 2025 : analyses acoustiques, isolation des fa\u00e7ades, chantier et travaux pour 2026<\/p>\n\n\n\n<p><a rel=\"noreferrer noopener\" href=\"https:\/\/maxeville.fr\/wp-content\/uploads\/2024\/03\/2023_10_13_Reunion_Information_PP_MaxevilleVF.pdf\" data-type=\"URL\" data-id=\"https:\/\/maxeville.fr\/wp-content\/uploads\/2024\/03\/2023_10_13_Reunion_Information_PP_MaxevilleVF.pdf\" target=\"_blank\"><strong>&gt;  support explicatif n\u00b01 du projet<\/strong><\/a> pr\u00e9sent\u00e9 \u00e0 la r\u00e9union d&#8217;information en octobre 2023 : pr\u00e9sentation du projet retenu<\/p>\n\n\n\n<p>Simulation du projet r\u00e9alis\u00e9e par la DREAL Grand Est :<\/p>\n\n\n\n<figure class=\"wp-block-embed is-type-video is-provider-youtube wp-block-embed-youtube wp-embed-aspect-16-9 wp-has-aspect-ratio\"><div class=\"wp-block-embed__wrapper\">\n<iframe loading=\"lazy\" title=\"\u00c9crans acoustiques - r\u00e9union publique par la DREAL - octobre 2023\" width=\"620\" height=\"349\" src=\"https:\/\/www.youtube.com\/embed\/HSEyQxM6SPQ?feature=oembed\" frameborder=\"0\" allow=\"accelerometer; autoplay; clipboard-write; encrypted-media; gyroscope; picture-in-picture; web-share\" referrerpolicy=\"strict-origin-when-cross-origin\" allowfullscreen><\/iframe>\n<\/div><\/figure>\n<div style=\"padding-bottom:20px; padding-top:10px;\" class=\"hupso-share-buttons\"><!-- Hupso Share Buttons - https:\/\/www.hupso.com\/share\/ --><a class=\"hupso_toolbar\" href=\"https:\/\/www.hupso.com\/share\/\"><img src=\"https:\/\/static.hupso.com\/share\/buttons\/lang\/fr\/share-medium.png\" style=\"border:0px; padding-top: 5px; float:left;\" alt=\"Share Button\"\/><\/a><script type=\"text\/javascript\">var hupso_services_t=new Array();var hupso_background_t=\"#EAF4FF\";var hupso_border_t=\"#66CCFF\";var hupso_toolbar_size_t=\"medium\";var hupso_image_folder_url = \"\";var hupso_url_t=\"\";var hupso_title_t=\"%C3%89crans%20acoustiques%20-%20secteur%20rue%20de%20la%20Justice\";<\/script><script type=\"text\/javascript\" src=\"https:\/\/static.hupso.com\/share\/js\/share_toolbar.js\"><\/script><!-- Hupso Share Buttons --><\/div>","protected":false},"excerpt":{"rendered":"<p>&gt; support explicatif n\u00b02 du projet pr\u00e9sent\u00e9 \u00e0 la r\u00e9union d&#8217;information en mars 2025 : analyses acoustiques, isolation des fa\u00e7ades, chantier et travaux pour 2026 &gt; support explicatif&#8230;<\/p>\n","protected":false},"author":1,"featured_media":17907,"comment_status":"closed","ping_status":"closed","sticky":false,"template":"","format":"standard","meta":[],"categories":[11,14],"tags":[],"_links":{"self":[{"href":"https:\/\/maxeville.fr\/index.php\/wp-json\/wp\/v2\/posts\/15678"}],"collection":[{"href":"https:\/\/maxeville.fr\/index.php\/wp-json\/wp\/v2\/posts"}],"about":[{"href":"https:\/\/maxeville.fr\/index.php\/wp-json\/wp\/v2\/types\/post"}],"author":[{"embeddable":true,"href":"https:\/\/maxeville.fr\/index.php\/wp-json\/wp\/v2\/users\/1"}],"replies":[{"embeddable":true,"href":"https:\/\/maxeville.fr\/index.php\/wp-json\/wp\/v2\/comments?post=15678"}],"version-history":[{"count":10,"href":"https:\/\/maxeville.fr\/index.php\/wp-json\/wp\/v2\/posts\/15678\/revisions"}],"predecessor-version":[{"id":17697,"href":"https:\/\/maxeville.fr\/index.php\/wp-json\/wp\/v2\/posts\/15678\/revisions\/17697"}],"wp:featuredmedia":[{"embeddable":true,"href":"https:\/\/maxeville.fr\/index.php\/wp-json\/wp\/v2\/media\/17907"}],"wp:attachment":[{"href":"https:\/\/maxeville.fr\/index.php\/wp-json\/wp\/v2\/media?parent=15678"}],"wp:term":[{"taxonomy":"category","embeddable":true,"href":"https:\/\/maxeville.fr\/index.php\/wp-json\/wp\/v2\/categories?post=15678"},{"taxonomy":"post_tag","embeddable":true,"href":"https:\/\/maxeville.fr\/index.php\/wp-json\/wp\/v2\/tags?post=15678"}],"curies":[{"name":"wp","href":"https:\/\/api.w.org\/{rel}","templated":true}]}}