{"id":16671,"date":"2024-09-20T09:31:50","date_gmt":"2024-09-20T07:31:50","guid":{"rendered":"https:\/\/maxeville.fr\/?p=16671"},"modified":"2024-09-20T09:34:42","modified_gmt":"2024-09-20T07:34:42","slug":"info-travaux-amenagement-des-espaces-publics-du-plateau-de-haye","status":"publish","type":"post","link":"https:\/\/maxeville.fr\/index.php\/info-travaux-amenagement-des-espaces-publics-du-plateau-de-haye\/","title":{"rendered":"Info travaux : Am\u00e9nagement des espaces publics du Plateau de Haye"},"content":{"rendered":"\n<p><strong>La premi\u00e8re phase des travaux li\u00e9e \u00e0 l\u2019am\u00e9nagement des espaces publics n\u00e9cessitera la <mark style=\"background-color:#ffdc00\" class=\"has-inline-color\">fermeture \u00e0 la circulation de l\u2019Avenue Raymond Pinchard dans le sens descendant<\/mark> entre la rue du Capitaine Guynemer et l\u2019avenue de la Lib\u00e9ration \u00e0 partir du 23 septembre 2024. Une d\u00e9viation sera possible par l\u2019Avenue du Rhin.<\/strong><\/p>\n\n\n\n<p>Les prochaines phases s\u2019\u00e9taleront d\u2019avril 2025 \u00e0 juin 2026, pour accompagner la construction de logements sur la parcelle de l\u2019ancien coll\u00e8ge Claude Le Lorrain et l\u2019ouverture d\u2019un nouveau coll\u00e8ge par le Conseil D\u00e9partemental de Meurthe-et-Moselle en 2026.<\/p>\n\n\n\n<p><strong><mark style=\"background-color:#ffdc00\" class=\"has-inline-color\">INFOS PRATIQUES<br><\/mark><\/strong>Pour tout renseignement, vous pouvez contacter :&nbsp;<br>La Maison des Projets &#8211;&nbsp;5, all\u00e9e Zaha Hadid<br>Solorem, Conduite d\u2019op\u00e9ration &#8211;&nbsp;03 83 92 92 92<\/p>\n\n\n\n<p><em><strong><a rel=\"noreferrer noopener\" href=\"https:\/\/maxeville.fr\/wp-content\/uploads\/2024\/09\/Grand-Nancy-PLATEAU-HAYE-FlyerInfoTravaux-20240912-CP.pdf\" data-type=\"URL\" data-id=\"https:\/\/maxeville.fr\/wp-content\/uploads\/2024\/09\/Grand-Nancy-PLATEAU-HAYE-FlyerInfoTravaux-20240912-CP.pdf\" target=\"_blank\"><mark style=\"background-color:rgba(0, 0, 0, 0);color:#db2727\" class=\"has-inline-color\">Consulter et t\u00e9l\u00e9charger le flyer de pr\u00e9sentation des travaux<\/mark><\/a><\/strong><\/em><\/p>\n\n\n\n<figure class=\"wp-block-image size-large\"><img decoding=\"async\" loading=\"lazy\" width=\"717\" height=\"1024\" src=\"https:\/\/maxeville.fr\/wp-content\/uploads\/2024\/09\/Grand-Nancy-PLATEAU-HAYE-FlyerInfoTravaux-20240912-CP-002_Page_1-717x1024.jpg\" alt=\"\" class=\"wp-image-16673\" srcset=\"https:\/\/maxeville.fr\/wp-content\/uploads\/2024\/09\/Grand-Nancy-PLATEAU-HAYE-FlyerInfoTravaux-20240912-CP-002_Page_1-717x1024.jpg 717w, https:\/\/maxeville.fr\/wp-content\/uploads\/2024\/09\/Grand-Nancy-PLATEAU-HAYE-FlyerInfoTravaux-20240912-CP-002_Page_1-210x300.jpg 210w, https:\/\/maxeville.fr\/wp-content\/uploads\/2024\/09\/Grand-Nancy-PLATEAU-HAYE-FlyerInfoTravaux-20240912-CP-002_Page_1-768x1096.jpg 768w, https:\/\/maxeville.fr\/wp-content\/uploads\/2024\/09\/Grand-Nancy-PLATEAU-HAYE-FlyerInfoTravaux-20240912-CP-002_Page_1-1076x1536.jpg 1076w, https:\/\/maxeville.fr\/wp-content\/uploads\/2024\/09\/Grand-Nancy-PLATEAU-HAYE-FlyerInfoTravaux-20240912-CP-002_Page_1-1435x2048.jpg 1435w, https:\/\/maxeville.fr\/wp-content\/uploads\/2024\/09\/Grand-Nancy-PLATEAU-HAYE-FlyerInfoTravaux-20240912-CP-002_Page_1-973x1389.jpg 973w, https:\/\/maxeville.fr\/wp-content\/uploads\/2024\/09\/Grand-Nancy-PLATEAU-HAYE-FlyerInfoTravaux-20240912-CP-002_Page_1-508x725.jpg 508w, https:\/\/maxeville.fr\/wp-content\/uploads\/2024\/09\/Grand-Nancy-PLATEAU-HAYE-FlyerInfoTravaux-20240912-CP-002_Page_1-17x24.jpg 17w, https:\/\/maxeville.fr\/wp-content\/uploads\/2024\/09\/Grand-Nancy-PLATEAU-HAYE-FlyerInfoTravaux-20240912-CP-002_Page_1-25x36.jpg 25w, https:\/\/maxeville.fr\/wp-content\/uploads\/2024\/09\/Grand-Nancy-PLATEAU-HAYE-FlyerInfoTravaux-20240912-CP-002_Page_1-34x48.jpg 34w, https:\/\/maxeville.fr\/wp-content\/uploads\/2024\/09\/Grand-Nancy-PLATEAU-HAYE-FlyerInfoTravaux-20240912-CP-002_Page_1.jpg 1749w\" sizes=\"(max-width: 717px) 100vw, 717px\" \/><\/figure>\n\n\n\n<figure class=\"wp-block-image size-full\"><img decoding=\"async\" loading=\"lazy\" width=\"647\" height=\"918\" src=\"https:\/\/maxeville.fr\/wp-content\/uploads\/2024\/09\/Grand-Nancy-PLATEAU-HAYE-FlyerInfoTravaux-20240912-CP-002_Page_2.jpg\" alt=\"\" class=\"wp-image-16674\" srcset=\"https:\/\/maxeville.fr\/wp-content\/uploads\/2024\/09\/Grand-Nancy-PLATEAU-HAYE-FlyerInfoTravaux-20240912-CP-002_Page_2.jpg 647w, https:\/\/maxeville.fr\/wp-content\/uploads\/2024\/09\/Grand-Nancy-PLATEAU-HAYE-FlyerInfoTravaux-20240912-CP-002_Page_2-211x300.jpg 211w, https:\/\/maxeville.fr\/wp-content\/uploads\/2024\/09\/Grand-Nancy-PLATEAU-HAYE-FlyerInfoTravaux-20240912-CP-002_Page_2-508x721.jpg 508w, https:\/\/maxeville.fr\/wp-content\/uploads\/2024\/09\/Grand-Nancy-PLATEAU-HAYE-FlyerInfoTravaux-20240912-CP-002_Page_2-17x24.jpg 17w, https:\/\/maxeville.fr\/wp-content\/uploads\/2024\/09\/Grand-Nancy-PLATEAU-HAYE-FlyerInfoTravaux-20240912-CP-002_Page_2-25x36.jpg 25w, https:\/\/maxeville.fr\/wp-content\/uploads\/2024\/09\/Grand-Nancy-PLATEAU-HAYE-FlyerInfoTravaux-20240912-CP-002_Page_2-34x48.jpg 34w\" sizes=\"(max-width: 647px) 100vw, 647px\" \/><\/figure>\n<div style=\"padding-bottom:20px; padding-top:10px;\" class=\"hupso-share-buttons\"><!-- Hupso Share Buttons - https:\/\/www.hupso.com\/share\/ --><a class=\"hupso_toolbar\" href=\"https:\/\/www.hupso.com\/share\/\"><img src=\"https:\/\/static.hupso.com\/share\/buttons\/lang\/fr\/share-medium.png\" style=\"border:0px; padding-top: 5px; float:left;\" alt=\"Share Button\"\/><\/a><script type=\"text\/javascript\">var hupso_services_t=new Array();var hupso_background_t=\"#EAF4FF\";var hupso_border_t=\"#66CCFF\";var hupso_toolbar_size_t=\"medium\";var hupso_image_folder_url = \"\";var hupso_url_t=\"\";var hupso_title_t=\"Info%20travaux%20%3A%20Am%C3%A9nagement%20des%20espaces%20publics%20du%20Plateau%20de%20Haye\";<\/script><script type=\"text\/javascript\" src=\"https:\/\/static.hupso.com\/share\/js\/share_toolbar.js\"><\/script><!-- Hupso Share Buttons --><\/div>","protected":false},"excerpt":{"rendered":"<p>La premi\u00e8re phase des travaux li\u00e9e \u00e0 l\u2019am\u00e9nagement des espaces publics n\u00e9cessitera la fermeture \u00e0 la circulation de l\u2019Avenue Raymond Pinchard dans le sens descendant entre la rue&#8230;<\/p>\n","protected":false},"author":1,"featured_media":16672,"comment_status":"closed","ping_status":"closed","sticky":false,"template":"","format":"standard","meta":[],"categories":[14],"tags":[],"_links":{"self":[{"href":"https:\/\/maxeville.fr\/index.php\/wp-json\/wp\/v2\/posts\/16671"}],"collection":[{"href":"https:\/\/maxeville.fr\/index.php\/wp-json\/wp\/v2\/posts"}],"about":[{"href":"https:\/\/maxeville.fr\/index.php\/wp-json\/wp\/v2\/types\/post"}],"author":[{"embeddable":true,"href":"https:\/\/maxeville.fr\/index.php\/wp-json\/wp\/v2\/users\/1"}],"replies":[{"embeddable":true,"href":"https:\/\/maxeville.fr\/index.php\/wp-json\/wp\/v2\/comments?post=16671"}],"version-history":[{"count":4,"href":"https:\/\/maxeville.fr\/index.php\/wp-json\/wp\/v2\/posts\/16671\/revisions"}],"predecessor-version":[{"id":16679,"href":"https:\/\/maxeville.fr\/index.php\/wp-json\/wp\/v2\/posts\/16671\/revisions\/16679"}],"wp:featuredmedia":[{"embeddable":true,"href":"https:\/\/maxeville.fr\/index.php\/wp-json\/wp\/v2\/media\/16672"}],"wp:attachment":[{"href":"https:\/\/maxeville.fr\/index.php\/wp-json\/wp\/v2\/media?parent=16671"}],"wp:term":[{"taxonomy":"category","embeddable":true,"href":"https:\/\/maxeville.fr\/index.php\/wp-json\/wp\/v2\/categories?post=16671"},{"taxonomy":"post_tag","embeddable":true,"href":"https:\/\/maxeville.fr\/index.php\/wp-json\/wp\/v2\/tags?post=16671"}],"curies":[{"name":"wp","href":"https:\/\/api.w.org\/{rel}","templated":true}]}}