{"id":17918,"date":"2025-05-13T16:24:13","date_gmt":"2025-05-13T14:24:13","guid":{"rendered":"https:\/\/maxeville.fr\/?p=17918"},"modified":"2025-05-14T14:53:29","modified_gmt":"2025-05-14T12:53:29","slug":"attention-securite","status":"publish","type":"post","link":"https:\/\/maxeville.fr\/index.php\/attention-securite\/","title":{"rendered":"Attention &#8211; S\u00e9curit\u00e9"},"content":{"rendered":"\n<p>Face au d\u00e9p\u00e9rissement d\u2019un grand nombre d\u2019arbres, une portion du sentier des carri\u00e8res est condamn\u00e9 pour deux ans. <em>Une op\u00e9ration d\u2019abattage est pr\u00e9vue durant l\u2019hiver 2026-2027<\/em>.<\/p>\n\n\n\n<p><\/p>\n<div style=\"padding-bottom:20px; padding-top:10px;\" class=\"hupso-share-buttons\"><!-- Hupso Share Buttons - https:\/\/www.hupso.com\/share\/ --><a class=\"hupso_toolbar\" href=\"https:\/\/www.hupso.com\/share\/\"><img src=\"https:\/\/static.hupso.com\/share\/buttons\/lang\/fr\/share-medium.png\" style=\"border:0px; padding-top: 5px; float:left;\" alt=\"Share Button\"\/><\/a><script type=\"text\/javascript\">var hupso_services_t=new Array();var hupso_background_t=\"#EAF4FF\";var hupso_border_t=\"#66CCFF\";var hupso_toolbar_size_t=\"medium\";var hupso_image_folder_url = \"\";var hupso_url_t=\"\";var hupso_title_t=\"Attention%20-%20S%C3%A9curit%C3%A9\";<\/script><script type=\"text\/javascript\" src=\"https:\/\/static.hupso.com\/share\/js\/share_toolbar.js\"><\/script><!-- Hupso Share Buttons --><\/div>","protected":false},"excerpt":{"rendered":"<p>Face au d\u00e9p\u00e9rissement d\u2019un grand nombre d\u2019arbres, une portion du sentier des carri\u00e8res est condamn\u00e9 pour deux ans. Une op\u00e9ration d\u2019abattage est pr\u00e9vue durant l\u2019hiver 2026-2027.<\/p>\n","protected":false},"author":1,"featured_media":17919,"comment_status":"closed","ping_status":"closed","sticky":false,"template":"","format":"standard","meta":[],"categories":[11,14],"tags":[],"_links":{"self":[{"href":"https:\/\/maxeville.fr\/index.php\/wp-json\/wp\/v2\/posts\/17918"}],"collection":[{"href":"https:\/\/maxeville.fr\/index.php\/wp-json\/wp\/v2\/posts"}],"about":[{"href":"https:\/\/maxeville.fr\/index.php\/wp-json\/wp\/v2\/types\/post"}],"author":[{"embeddable":true,"href":"https:\/\/maxeville.fr\/index.php\/wp-json\/wp\/v2\/users\/1"}],"replies":[{"embeddable":true,"href":"https:\/\/maxeville.fr\/index.php\/wp-json\/wp\/v2\/comments?post=17918"}],"version-history":[{"count":3,"href":"https:\/\/maxeville.fr\/index.php\/wp-json\/wp\/v2\/posts\/17918\/revisions"}],"predecessor-version":[{"id":17929,"href":"https:\/\/maxeville.fr\/index.php\/wp-json\/wp\/v2\/posts\/17918\/revisions\/17929"}],"wp:featuredmedia":[{"embeddable":true,"href":"https:\/\/maxeville.fr\/index.php\/wp-json\/wp\/v2\/media\/17919"}],"wp:attachment":[{"href":"https:\/\/maxeville.fr\/index.php\/wp-json\/wp\/v2\/media?parent=17918"}],"wp:term":[{"taxonomy":"category","embeddable":true,"href":"https:\/\/maxeville.fr\/index.php\/wp-json\/wp\/v2\/categories?post=17918"},{"taxonomy":"post_tag","embeddable":true,"href":"https:\/\/maxeville.fr\/index.php\/wp-json\/wp\/v2\/tags?post=17918"}],"curies":[{"name":"wp","href":"https:\/\/api.w.org\/{rel}","templated":true}]}}