{"id":18140,"date":"2025-07-01T09:52:00","date_gmt":"2025-07-01T07:52:00","guid":{"rendered":"https:\/\/maxeville.fr\/?p=18140"},"modified":"2025-09-12T15:21:11","modified_gmt":"2025-09-12T13:21:11","slug":"interdiction-de-fumer-dans-de-nouveaux-lieux-publics-a-partir-du-1er-juillet","status":"publish","type":"post","link":"https:\/\/maxeville.fr\/index.php\/interdiction-de-fumer-dans-de-nouveaux-lieux-publics-a-partir-du-1er-juillet\/","title":{"rendered":"Interdiction de fumer dans de nouveaux lieux publics depuis le 1er\u00a0juillet"},"content":{"rendered":"\n<p>De nouveaux lieux ext\u00e9rieurs sont concern\u00e9s par l&#8217;interdiction de fumer \u00e0 partir du 1<sup>er<\/sup>&nbsp;juillet&nbsp;2025.<em>&nbsp;Service-Public.fr<\/em>&nbsp;vous informe sur cette mesure destin\u00e9e \u00e0 pr\u00e9venir les addictions et \u00e0 prot\u00e9ger les plus jeunes.<\/p>\n\n\n\n<p>Pour prot\u00e9ger les plus jeunes, il est interdit de fumer dans les lieux collectifs. Cette interdiction va s&#8217;\u00e9tendre d\u00e8s cet \u00e9t\u00e9 \u00e0 de nouveaux espaces ext\u00e9rieurs, l\u00e0 o\u00f9 les enfants et adolescents sont pr\u00e9sents ou expos\u00e9s.<\/p>\n\n\n\n<p>\u00c0 partir du 1<sup>er<\/sup>&nbsp;juillet&nbsp;2025, il sera donc interdit de fumer dans les lieux suivants, pendant les heures ou p\u00e9riodes d\u2019ouverture&nbsp;:<\/p>\n\n\n\n<ul>\n<li>parcs et jardins publics&nbsp;;<\/li>\n\n\n\n<li>plages bordant des eaux de baignade&nbsp;;<\/li>\n\n\n\n<li>abribus et zones couvertes d\u2019attente des voyageurs&nbsp;;<\/li>\n\n\n\n<li>abords des \u00e9coles, coll\u00e8ges, lyc\u00e9es et autres lieux destin\u00e9s \u00e0 l\u2019accueil, \u00e0 la formation ou \u00e0 l\u2019h\u00e9bergement de mineurs&nbsp;;<\/li>\n\n\n\n<li>espaces ouverts et abords des biblioth\u00e8ques, piscines, stades et installations sportives.<\/li>\n<\/ul>\n\n\n\n<p><em><a href=\"https:\/\/www.legifrance.gouv.fr\/jorf\/id\/JORFTEXT000051806161\" data-type=\"URL\" data-id=\"https:\/\/www.legifrance.gouv.fr\/jorf\/id\/JORFTEXT000051806161\" target=\"_blank\" rel=\"noreferrer noopener\">D\u00e9cret n\u00b0 2025-582 du 27 juin 2025 relatif aux espaces sans tabac et \u00e0 la lutte contre la vente aux mineurs des produits du tabac et du vapotage<\/a><\/em><\/p>\n\n\n\n<p><a href=\"https:\/\/www.service-public.fr\/particuliers\/download-echeance-actu-ics-calendar\/A18351\"><\/a><\/p>\n<div style=\"padding-bottom:20px; padding-top:10px;\" class=\"hupso-share-buttons\"><!-- Hupso Share Buttons - https:\/\/www.hupso.com\/share\/ --><a class=\"hupso_toolbar\" href=\"https:\/\/www.hupso.com\/share\/\"><img src=\"https:\/\/static.hupso.com\/share\/buttons\/lang\/fr\/share-medium.png\" style=\"border:0px; padding-top: 5px; float:left;\" alt=\"Share Button\"\/><\/a><script type=\"text\/javascript\">var hupso_services_t=new Array();var hupso_background_t=\"#EAF4FF\";var hupso_border_t=\"#66CCFF\";var hupso_toolbar_size_t=\"medium\";var hupso_image_folder_url = \"\";var hupso_url_t=\"\";var hupso_title_t=\"Interdiction%20de%20fumer%20dans%20de%20nouveaux%20lieux%20publics%20depuis%20le%201er%C2%A0juillet\";<\/script><script type=\"text\/javascript\" src=\"https:\/\/static.hupso.com\/share\/js\/share_toolbar.js\"><\/script><!-- Hupso Share Buttons --><\/div>","protected":false},"excerpt":{"rendered":"<p>De nouveaux lieux ext\u00e9rieurs sont concern\u00e9s par l&#8217;interdiction de fumer \u00e0 partir du 1er&nbsp;juillet&nbsp;2025.&nbsp;Service-Public.fr&nbsp;vous informe sur cette mesure destin\u00e9e \u00e0 pr\u00e9venir les addictions et \u00e0 prot\u00e9ger les plus&#8230;<\/p>\n","protected":false},"author":1,"featured_media":18141,"comment_status":"closed","ping_status":"closed","sticky":false,"template":"","format":"standard","meta":[],"categories":[11],"tags":[],"_links":{"self":[{"href":"https:\/\/maxeville.fr\/index.php\/wp-json\/wp\/v2\/posts\/18140"}],"collection":[{"href":"https:\/\/maxeville.fr\/index.php\/wp-json\/wp\/v2\/posts"}],"about":[{"href":"https:\/\/maxeville.fr\/index.php\/wp-json\/wp\/v2\/types\/post"}],"author":[{"embeddable":true,"href":"https:\/\/maxeville.fr\/index.php\/wp-json\/wp\/v2\/users\/1"}],"replies":[{"embeddable":true,"href":"https:\/\/maxeville.fr\/index.php\/wp-json\/wp\/v2\/comments?post=18140"}],"version-history":[{"count":2,"href":"https:\/\/maxeville.fr\/index.php\/wp-json\/wp\/v2\/posts\/18140\/revisions"}],"predecessor-version":[{"id":18280,"href":"https:\/\/maxeville.fr\/index.php\/wp-json\/wp\/v2\/posts\/18140\/revisions\/18280"}],"wp:featuredmedia":[{"embeddable":true,"href":"https:\/\/maxeville.fr\/index.php\/wp-json\/wp\/v2\/media\/18141"}],"wp:attachment":[{"href":"https:\/\/maxeville.fr\/index.php\/wp-json\/wp\/v2\/media?parent=18140"}],"wp:term":[{"taxonomy":"category","embeddable":true,"href":"https:\/\/maxeville.fr\/index.php\/wp-json\/wp\/v2\/categories?post=18140"},{"taxonomy":"post_tag","embeddable":true,"href":"https:\/\/maxeville.fr\/index.php\/wp-json\/wp\/v2\/tags?post=18140"}],"curies":[{"name":"wp","href":"https:\/\/api.w.org\/{rel}","templated":true}]}}