{"id":18839,"date":"2025-12-11T15:07:21","date_gmt":"2025-12-11T14:07:21","guid":{"rendered":"https:\/\/maxeville.fr\/?p=18839"},"modified":"2025-12-11T15:14:25","modified_gmt":"2025-12-11T14:14:25","slug":"aerodrome-de-nancy-essey","status":"publish","type":"post","link":"https:\/\/maxeville.fr\/index.php\/aerodrome-de-nancy-essey\/","title":{"rendered":"Consultation : a\u00e9rodrome de Nancy-Essey"},"content":{"rendered":"\n<p>&nbsp;Le plan de servitudes a\u00e9ronautiques de d\u00e9gagement de l\u2019a\u00e9rodrome de Nancy-Essey \u00e9labor\u00e9 par la direction g\u00e9n\u00e9rale de l\u2019Aviation civile Nord-Est a \u00e9t\u00e9 approuv\u00e9 par arr\u00eat\u00e9 minist\u00e9riel du&nbsp;23 septembre 2025&nbsp;\u2013 publi\u00e9 au journal officiel n\u00b0 225 du&nbsp;26 septembre 2025.<\/p>\n\n\n\n<p><a href=\"https:\/\/maxeville.fr\/wp-content\/uploads\/2025\/12\/Arrete-du-23-09-2025.pdf\" data-type=\"URL\" data-id=\"https:\/\/maxeville.fr\/wp-content\/uploads\/2025\/12\/Arrete-du-23-09-2025.pdf\">Consulter l&#8217;arr\u00eat\u00e9<\/a><\/p>\n\n\n\n<p><a href=\"https:\/\/maxeville.fr\/wp-content\/uploads\/2025\/12\/PSA-NOTE_SNIA_LFSN.pdf\" data-type=\"URL\" data-id=\"https:\/\/maxeville.fr\/wp-content\/uploads\/2025\/12\/PSA-NOTE_SNIA_LFSN.pdf\" target=\"_blank\" rel=\"noreferrer noopener\">Note annexe<\/a><\/p>\n\n\n\n<p><a href=\"https:\/\/maxeville.fr\/wp-content\/uploads\/2025\/12\/PSA-A1_SNIA_LFNS_compressed.pdf\" data-type=\"URL\" data-id=\"https:\/\/maxeville.fr\/wp-content\/uploads\/2025\/12\/PSA-A1_SNIA_LFNS_compressed.pdf\">Plan d\u2019ensemble PSA-A1_SNIA _LFSN au 1\/25 000\u00e8me<\/a><br><a href=\"https:\/\/maxeville.fr\/wp-content\/uploads\/2025\/12\/PSA-A2_SNIA_LFNS_compressed.pdf\" data-type=\"URL\" data-id=\"https:\/\/maxeville.fr\/wp-content\/uploads\/2025\/12\/PSA-A2_SNIA_LFNS_compressed.pdf\" target=\"_blank\" rel=\"noreferrer noopener\">Plan de d\u00e9tail PSA-A2_SNIA _LFSN au 1\/10 000\u00e8me<\/a><\/p>\n<div style=\"padding-bottom:20px; padding-top:10px;\" class=\"hupso-share-buttons\"><!-- Hupso Share Buttons - https:\/\/www.hupso.com\/share\/ --><a class=\"hupso_toolbar\" href=\"https:\/\/www.hupso.com\/share\/\"><img src=\"https:\/\/static.hupso.com\/share\/buttons\/lang\/fr\/share-medium.png\" style=\"border:0px; padding-top: 5px; float:left;\" alt=\"Share Button\"\/><\/a><script type=\"text\/javascript\">var hupso_services_t=new Array();var hupso_background_t=\"#EAF4FF\";var hupso_border_t=\"#66CCFF\";var hupso_toolbar_size_t=\"medium\";var hupso_image_folder_url = \"\";var hupso_url_t=\"\";var hupso_title_t=\"Consultation%20%3A%20a%C3%A9rodrome%20de%20Nancy-Essey\";<\/script><script type=\"text\/javascript\" src=\"https:\/\/static.hupso.com\/share\/js\/share_toolbar.js\"><\/script><!-- Hupso Share Buttons --><\/div>","protected":false},"excerpt":{"rendered":"<p>&nbsp;Le plan de servitudes a\u00e9ronautiques de d\u00e9gagement de l\u2019a\u00e9rodrome de Nancy-Essey \u00e9labor\u00e9 par la direction g\u00e9n\u00e9rale de l\u2019Aviation civile Nord-Est a \u00e9t\u00e9 approuv\u00e9 par arr\u00eat\u00e9 minist\u00e9riel du&nbsp;23 septembre&#8230;<\/p>\n","protected":false},"author":1,"featured_media":0,"comment_status":"closed","ping_status":"closed","sticky":false,"template":"","format":"standard","meta":[],"categories":[11],"tags":[],"_links":{"self":[{"href":"https:\/\/maxeville.fr\/index.php\/wp-json\/wp\/v2\/posts\/18839"}],"collection":[{"href":"https:\/\/maxeville.fr\/index.php\/wp-json\/wp\/v2\/posts"}],"about":[{"href":"https:\/\/maxeville.fr\/index.php\/wp-json\/wp\/v2\/types\/post"}],"author":[{"embeddable":true,"href":"https:\/\/maxeville.fr\/index.php\/wp-json\/wp\/v2\/users\/1"}],"replies":[{"embeddable":true,"href":"https:\/\/maxeville.fr\/index.php\/wp-json\/wp\/v2\/comments?post=18839"}],"version-history":[{"count":4,"href":"https:\/\/maxeville.fr\/index.php\/wp-json\/wp\/v2\/posts\/18839\/revisions"}],"predecessor-version":[{"id":18849,"href":"https:\/\/maxeville.fr\/index.php\/wp-json\/wp\/v2\/posts\/18839\/revisions\/18849"}],"wp:attachment":[{"href":"https:\/\/maxeville.fr\/index.php\/wp-json\/wp\/v2\/media?parent=18839"}],"wp:term":[{"taxonomy":"category","embeddable":true,"href":"https:\/\/maxeville.fr\/index.php\/wp-json\/wp\/v2\/categories?post=18839"},{"taxonomy":"post_tag","embeddable":true,"href":"https:\/\/maxeville.fr\/index.php\/wp-json\/wp\/v2\/tags?post=18839"}],"curies":[{"name":"wp","href":"https:\/\/api.w.org\/{rel}","templated":true}]}}