{"id":19768,"date":"2026-08-31T10:22:13","date_gmt":"2026-08-31T08:22:13","guid":{"rendered":"https:\/\/maxeville.fr\/?p=19768"},"modified":"2026-08-31T10:22:13","modified_gmt":"2026-08-31T08:22:13","slug":"enquete-publique-extension-du-cimetiere-communal-2","status":"publish","type":"post","link":"https:\/\/maxeville.fr\/index.php\/enquete-publique-extension-du-cimetiere-communal-2\/","title":{"rendered":"Enqu\u00eate publique : extension du cimeti\u00e8re communal"},"content":{"rendered":"\n<figure class=\"wp-block-image size-full\"><img decoding=\"async\" loading=\"lazy\" width=\"682\" height=\"625\" src=\"https:\/\/maxeville.fr\/wp-content\/uploads\/2025\/05\/Maxeville-cimetiere-projet.jpg\" alt=\"\" class=\"wp-image-18002\" srcset=\"https:\/\/maxeville.fr\/wp-content\/uploads\/2025\/05\/Maxeville-cimetiere-projet.jpg 682w, https:\/\/maxeville.fr\/wp-content\/uploads\/2025\/05\/Maxeville-cimetiere-projet-300x275.jpg 300w, https:\/\/maxeville.fr\/wp-content\/uploads\/2025\/05\/Maxeville-cimetiere-projet-508x466.jpg 508w, https:\/\/maxeville.fr\/wp-content\/uploads\/2025\/05\/Maxeville-cimetiere-projet-24x22.jpg 24w, https:\/\/maxeville.fr\/wp-content\/uploads\/2025\/05\/Maxeville-cimetiere-projet-36x33.jpg 36w, https:\/\/maxeville.fr\/wp-content\/uploads\/2025\/05\/Maxeville-cimetiere-projet-48x44.jpg 48w\" sizes=\"(max-width: 682px) 100vw, 682px\" \/><\/figure>\n\n\n\n<p><strong>Documents utiles disponibles en t\u00e9l\u00e9chargement :<br><\/strong> <strong><a rel=\"noreferrer noopener\" href=\"https:\/\/maxeville.fr\/wp-content\/uploads\/2026\/08\/03-07-26-Notice-presentation-projet.pdf\" data-type=\"URL\" data-id=\"https:\/\/maxeville.fr\/wp-content\/uploads\/2026\/08\/03-07-26-Notice-presentation-projet.pdf\" target=\"_blank\">Notice de pr\u00e9sentation du projet<\/a><\/strong> <br><a rel=\"noreferrer noopener\" href=\"https:\/\/maxeville.fr\/wp-content\/uploads\/2026\/08\/Annexes-dossier-de-presentation-extension-cimetiere.pdf\" target=\"_blank\"><strong>Ensemble des annexes<\/strong><\/a><\/p>\n\n\n\n<p><\/p>\n<div style=\"padding-bottom:20px; padding-top:10px;\" class=\"hupso-share-buttons\"><!-- Hupso Share Buttons - https:\/\/www.hupso.com\/share\/ --><a class=\"hupso_toolbar\" href=\"https:\/\/www.hupso.com\/share\/\"><img src=\"https:\/\/static.hupso.com\/share\/buttons\/lang\/fr\/share-medium.png\" style=\"border:0px; padding-top: 5px; float:left;\" alt=\"Share Button\"\/><\/a><script type=\"text\/javascript\">var hupso_services_t=new Array();var hupso_background_t=\"#EAF4FF\";var hupso_border_t=\"#66CCFF\";var hupso_toolbar_size_t=\"medium\";var hupso_image_folder_url = \"\";var hupso_url_t=\"\";var hupso_title_t=\"Enqu%C3%AAte%20publique%20%3A%20extension%20du%20cimeti%C3%A8re%20communal\";<\/script><script type=\"text\/javascript\" src=\"https:\/\/static.hupso.com\/share\/js\/share_toolbar.js\"><\/script><!-- Hupso Share Buttons --><\/div>","protected":false},"excerpt":{"rendered":"<p>Documents utiles disponibles en t\u00e9l\u00e9chargement : Notice de pr\u00e9sentation du projet Ensemble des annexes<\/p>\n","protected":false},"author":1,"featured_media":19769,"comment_status":"closed","ping_status":"closed","sticky":false,"template":"","format":"standard","meta":[],"categories":[14],"tags":[],"_links":{"self":[{"href":"https:\/\/maxeville.fr\/index.php\/wp-json\/wp\/v2\/posts\/19768"}],"collection":[{"href":"https:\/\/maxeville.fr\/index.php\/wp-json\/wp\/v2\/posts"}],"about":[{"href":"https:\/\/maxeville.fr\/index.php\/wp-json\/wp\/v2\/types\/post"}],"author":[{"embeddable":true,"href":"https:\/\/maxeville.fr\/index.php\/wp-json\/wp\/v2\/users\/1"}],"replies":[{"embeddable":true,"href":"https:\/\/maxeville.fr\/index.php\/wp-json\/wp\/v2\/comments?post=19768"}],"version-history":[{"count":1,"href":"https:\/\/maxeville.fr\/index.php\/wp-json\/wp\/v2\/posts\/19768\/revisions"}],"predecessor-version":[{"id":19772,"href":"https:\/\/maxeville.fr\/index.php\/wp-json\/wp\/v2\/posts\/19768\/revisions\/19772"}],"wp:featuredmedia":[{"embeddable":true,"href":"https:\/\/maxeville.fr\/index.php\/wp-json\/wp\/v2\/media\/19769"}],"wp:attachment":[{"href":"https:\/\/maxeville.fr\/index.php\/wp-json\/wp\/v2\/media?parent=19768"}],"wp:term":[{"taxonomy":"category","embeddable":true,"href":"https:\/\/maxeville.fr\/index.php\/wp-json\/wp\/v2\/categories?post=19768"},{"taxonomy":"post_tag","embeddable":true,"href":"https:\/\/maxeville.fr\/index.php\/wp-json\/wp\/v2\/tags?post=19768"}],"curies":[{"name":"wp","href":"https:\/\/api.w.org\/{rel}","templated":true}]}}